
{"id":2005,"date":"2018-10-04T11:43:12","date_gmt":"2018-10-04T11:43:12","guid":{"rendered":"http:\/\/poweratberth.eu\/?p=2005"},"modified":"2018-10-04T11:43:12","modified_gmt":"2018-10-04T11:43:12","slug":"las-companias-armas-y-fred-olsen-principales-navieras-sirviendo-lineas-maritimas-en-las-islas-canarias-tendran-ops-esta-primavera-de-2019","status":"publish","type":"post","link":"https:\/\/poweratberth.eu\/?p=2005&lang=es","title":{"rendered":"Las compa\u00f1\u00edas ARMAS y FRED OLSEN -principales navieras sirviendo l\u00edneas mar\u00edtimas en las Islas Canarias- tendr\u00e1n OPS esta primavera de 2019"},"content":{"rendered":"<p><span style=\"color: #000000; font-family: Calibri;\">04\/10\/2018 La Autoridad Portuaria de Tenerife anuncia esta semana en el sitio web del Word Ports Sustainability Program que dispondr\u00e1 de instalaciones OPS operativas esta primavera de 2019 en los puertos canarios de Santa Cruz de Tenerife, La Palma y La Gomera.<\/span><\/p>\n<p><span style=\"color: #000000; font-family: Calibri;\">Los tres puertos est\u00e1n ubicados en sus respectivas ciudades y el suministro de energ\u00eda mediante OPS tendr\u00e1 un impacto social positivo relevante. <\/span><\/p>\n<p><span style=\"color: #000000; font-family: Calibri;\">Word Ports Sustainability Program persigue evidenciar el liderazgo global de los puertos en la contribuci\u00f3n de los Objetivos de Desarrollo Sostenible de Naciones Unidas. El Programa quiere empoderar a los protagonistas de las comunidades portuarias a nivel global mediante la participaci\u00f3n de las empresas, las autoridades y la sociedad en la creaci\u00f3n de valor a\u00f1adido para la comunidades locales y las regiones donde se sit\u00faan los puertos.<\/span><\/p>\n<p><span style=\"color: #000000; font-family: Calibri;\">Mas informaci\u00f3n en <\/span><a href=\"https:\/\/sustainableworldports.org\/project\/port-of-santa-cruz-de-tenerife-provision-of-onshore-power-supply-ops\/\">https:\/\/sustainableworldports.org\/project\/port-of-santa-cruz-de-tenerife-provision-of-onshore-power-supply-ops\/<\/a><\/p>\n<p>&nbsp;<\/p>\n","protected":false},"excerpt":{"rendered":"<p>04\/10\/2018 La Autoridad Portuaria de Tenerife anuncia esta semana en el sitio web del Word Ports Sustainability Program que dispondr\u00e1 de instalaciones OPS operativas esta primavera de 2019 en los puertos canarios de Santa Cruz de Tenerife, La Palma y La Gomera. Los tres puertos est\u00e1n ubicados en sus respectivas\u2026<\/p>\n<p> <a class=\"continue-reading-link\" href=\"https:\/\/poweratberth.eu\/?p=2005&#038;lang=es\"><span>Continue reading<\/span><i class=\"crycon-right-dir\"><\/i><\/a> <\/p>\n","protected":false},"author":7,"featured_media":0,"comment_status":"closed","ping_status":"open","sticky":false,"template":"","format":"standard","meta":[],"categories":[36,41],"tags":[],"yoast_head":"<!-- This site is optimized with the Yoast SEO plugin v19.2 - https:\/\/yoast.com\/wordpress\/plugins\/seo\/ -->\n<title>Las compa\u00f1\u00edas ARMAS y FRED OLSEN -principales navieras sirviendo l\u00edneas mar\u00edtimas en las Islas Canarias- tendr\u00e1n OPS esta primavera de 2019 - Power@berth<\/title>\n<meta name=\"robots\" content=\"index, follow, max-snippet:-1, max-image-preview:large, max-video-preview:-1\" \/>\n<link rel=\"canonical\" href=\"https:\/\/poweratberth.eu\/?p=2005&lang=es\" \/>\n<meta property=\"og:locale\" content=\"en_US\" \/>\n<meta property=\"og:type\" content=\"article\" \/>\n<meta property=\"og:title\" content=\"Las compa\u00f1\u00edas ARMAS y FRED OLSEN -principales navieras sirviendo l\u00edneas mar\u00edtimas en las Islas Canarias- tendr\u00e1n OPS esta primavera de 2019 - Power@berth\" \/>\n<meta property=\"og:description\" content=\"04\/10\/2018 La Autoridad Portuaria de Tenerife anuncia esta semana en el sitio web del Word Ports Sustainability Program que dispondr\u00e1 de instalaciones OPS operativas esta primavera de 2019 en los puertos canarios de Santa Cruz de Tenerife, La Palma y La Gomera. Los tres puertos est\u00e1n ubicados en sus respectivas\u2026 Continue reading\" \/>\n<meta property=\"og:url\" content=\"https:\/\/poweratberth.eu\/?p=2005&amp;lang=es\" \/>\n<meta property=\"og:site_name\" content=\"Power@berth\" \/>\n<meta property=\"article:published_time\" content=\"2018-10-04T11:43:12+00:00\" \/>\n<meta name=\"author\" content=\"demo\" \/>\n<meta name=\"twitter:card\" content=\"summary_large_image\" \/>\n<meta name=\"twitter:label1\" content=\"Written by\" \/>\n\t<meta name=\"twitter:data1\" content=\"demo\" \/>\n\t<meta name=\"twitter:label2\" content=\"Est. reading time\" \/>\n\t<meta name=\"twitter:data2\" content=\"1 minute\" \/>\n<script type=\"application\/ld+json\" class=\"yoast-schema-graph\">{\"@context\":\"https:\/\/schema.org\",\"@graph\":[{\"@type\":\"Organization\",\"@id\":\"https:\/\/poweratberth.eu\/#organization\",\"name\":\"Ops Master Plan Spanish Ports\",\"url\":\"https:\/\/poweratberth.eu\/\",\"sameAs\":[],\"logo\":{\"@type\":\"ImageObject\",\"inLanguage\":\"en-US\",\"@id\":\"https:\/\/poweratberth.eu\/#\/schema\/logo\/image\/\",\"url\":\"http:\/\/poweratberth.eu\/wp-content\/uploads\/2017\/02\/logo2017-02-16.jpg\",\"contentUrl\":\"http:\/\/poweratberth.eu\/wp-content\/uploads\/2017\/02\/logo2017-02-16.jpg\",\"width\":512,\"height\":387,\"caption\":\"Ops Master Plan Spanish Ports\"},\"image\":{\"@id\":\"https:\/\/poweratberth.eu\/#\/schema\/logo\/image\/\"}},{\"@type\":\"WebSite\",\"@id\":\"https:\/\/poweratberth.eu\/#website\",\"url\":\"https:\/\/poweratberth.eu\/\",\"name\":\"Power@berth\",\"description\":\"Ops Spanish Ports\",\"publisher\":{\"@id\":\"https:\/\/poweratberth.eu\/#organization\"},\"potentialAction\":[{\"@type\":\"SearchAction\",\"target\":{\"@type\":\"EntryPoint\",\"urlTemplate\":\"https:\/\/poweratberth.eu\/?s={search_term_string}\"},\"query-input\":\"required name=search_term_string\"}],\"inLanguage\":\"en-US\"},{\"@type\":\"WebPage\",\"@id\":\"https:\/\/poweratberth.eu\/?p=2005&lang=es#webpage\",\"url\":\"https:\/\/poweratberth.eu\/?p=2005&lang=es\",\"name\":\"Las compa\u00f1\u00edas ARMAS y FRED OLSEN -principales navieras sirviendo l\u00edneas mar\u00edtimas en las Islas Canarias- tendr\u00e1n OPS esta primavera de 2019 - Power@berth\",\"isPartOf\":{\"@id\":\"https:\/\/poweratberth.eu\/#website\"},\"datePublished\":\"2018-10-04T11:43:12+00:00\",\"dateModified\":\"2018-10-04T11:43:12+00:00\",\"breadcrumb\":{\"@id\":\"https:\/\/poweratberth.eu\/?p=2005&lang=es#breadcrumb\"},\"inLanguage\":\"en-US\",\"potentialAction\":[{\"@type\":\"ReadAction\",\"target\":[\"https:\/\/poweratberth.eu\/?p=2005&lang=es\"]}]},{\"@type\":\"BreadcrumbList\",\"@id\":\"https:\/\/poweratberth.eu\/?p=2005&lang=es#breadcrumb\",\"itemListElement\":[{\"@type\":\"ListItem\",\"position\":1,\"name\":\"Home\",\"item\":\"http:\/\/poweratberth.eu\/?lang=en\"},{\"@type\":\"ListItem\",\"position\":2,\"name\":\"Las compa\u00f1\u00edas ARMAS y FRED OLSEN -principales navieras sirviendo l\u00edneas mar\u00edtimas en las Islas Canarias- tendr\u00e1n OPS esta primavera de 2019\"}]},{\"@type\":\"Article\",\"@id\":\"https:\/\/poweratberth.eu\/?p=2005&lang=es#article\",\"isPartOf\":{\"@id\":\"https:\/\/poweratberth.eu\/?p=2005&lang=es#webpage\"},\"author\":{\"name\":\"demo\",\"@id\":\"https:\/\/poweratberth.eu\/#\/schema\/person\/82b7916f5dd595896aec52852a66ed25\"},\"headline\":\"Las compa\u00f1\u00edas ARMAS y FRED OLSEN -principales navieras sirviendo l\u00edneas mar\u00edtimas en las Islas Canarias- tendr\u00e1n OPS esta primavera de 2019\",\"datePublished\":\"2018-10-04T11:43:12+00:00\",\"dateModified\":\"2018-10-04T11:43:12+00:00\",\"mainEntityOfPage\":{\"@id\":\"https:\/\/poweratberth.eu\/?p=2005&lang=es#webpage\"},\"wordCount\":170,\"publisher\":{\"@id\":\"https:\/\/poweratberth.eu\/#organization\"},\"articleSection\":[\"Muelles con suministro el\u00e9ctrico\",\"Noticias\"],\"inLanguage\":\"en-US\"},{\"@type\":\"Person\",\"@id\":\"https:\/\/poweratberth.eu\/#\/schema\/person\/82b7916f5dd595896aec52852a66ed25\",\"name\":\"demo\",\"image\":{\"@type\":\"ImageObject\",\"inLanguage\":\"en-US\",\"@id\":\"https:\/\/poweratberth.eu\/#\/schema\/person\/image\/\",\"url\":\"https:\/\/secure.gravatar.com\/avatar\/f4705c572beb68a0311cdd5ce7151ac9?s=96&d=mm&r=g\",\"contentUrl\":\"https:\/\/secure.gravatar.com\/avatar\/f4705c572beb68a0311cdd5ce7151ac9?s=96&d=mm&r=g\",\"caption\":\"demo\"},\"url\":\"https:\/\/poweratberth.eu\/?author=7\"}]}<\/script>\n<!-- \/ Yoast SEO plugin. -->","yoast_head_json":{"title":"Las compa\u00f1\u00edas ARMAS y FRED OLSEN -principales navieras sirviendo l\u00edneas mar\u00edtimas en las Islas Canarias- tendr\u00e1n OPS esta primavera de 2019 - Power@berth","robots":{"index":"index","follow":"follow","max-snippet":"max-snippet:-1","max-image-preview":"max-image-preview:large","max-video-preview":"max-video-preview:-1"},"canonical":"https:\/\/poweratberth.eu\/?p=2005&lang=es","og_locale":"en_US","og_type":"article","og_title":"Las compa\u00f1\u00edas ARMAS y FRED OLSEN -principales navieras sirviendo l\u00edneas mar\u00edtimas en las Islas Canarias- tendr\u00e1n OPS esta primavera de 2019 - Power@berth","og_description":"04\/10\/2018 La Autoridad Portuaria de Tenerife anuncia esta semana en el sitio web del Word Ports Sustainability Program que dispondr\u00e1 de instalaciones OPS operativas esta primavera de 2019 en los puertos canarios de Santa Cruz de Tenerife, La Palma y La Gomera. Los tres puertos est\u00e1n ubicados en sus respectivas\u2026 Continue reading","og_url":"https:\/\/poweratberth.eu\/?p=2005&lang=es","og_site_name":"Power@berth","article_published_time":"2018-10-04T11:43:12+00:00","author":"demo","twitter_card":"summary_large_image","twitter_misc":{"Written by":"demo","Est. reading time":"1 minute"},"schema":{"@context":"https:\/\/schema.org","@graph":[{"@type":"Organization","@id":"https:\/\/poweratberth.eu\/#organization","name":"Ops Master Plan Spanish Ports","url":"https:\/\/poweratberth.eu\/","sameAs":[],"logo":{"@type":"ImageObject","inLanguage":"en-US","@id":"https:\/\/poweratberth.eu\/#\/schema\/logo\/image\/","url":"http:\/\/poweratberth.eu\/wp-content\/uploads\/2017\/02\/logo2017-02-16.jpg","contentUrl":"http:\/\/poweratberth.eu\/wp-content\/uploads\/2017\/02\/logo2017-02-16.jpg","width":512,"height":387,"caption":"Ops Master Plan Spanish Ports"},"image":{"@id":"https:\/\/poweratberth.eu\/#\/schema\/logo\/image\/"}},{"@type":"WebSite","@id":"https:\/\/poweratberth.eu\/#website","url":"https:\/\/poweratberth.eu\/","name":"Power@berth","description":"Ops Spanish Ports","publisher":{"@id":"https:\/\/poweratberth.eu\/#organization"},"potentialAction":[{"@type":"SearchAction","target":{"@type":"EntryPoint","urlTemplate":"https:\/\/poweratberth.eu\/?s={search_term_string}"},"query-input":"required name=search_term_string"}],"inLanguage":"en-US"},{"@type":"WebPage","@id":"https:\/\/poweratberth.eu\/?p=2005&lang=es#webpage","url":"https:\/\/poweratberth.eu\/?p=2005&lang=es","name":"Las compa\u00f1\u00edas ARMAS y FRED OLSEN -principales navieras sirviendo l\u00edneas mar\u00edtimas en las Islas Canarias- tendr\u00e1n OPS esta primavera de 2019 - Power@berth","isPartOf":{"@id":"https:\/\/poweratberth.eu\/#website"},"datePublished":"2018-10-04T11:43:12+00:00","dateModified":"2018-10-04T11:43:12+00:00","breadcrumb":{"@id":"https:\/\/poweratberth.eu\/?p=2005&lang=es#breadcrumb"},"inLanguage":"en-US","potentialAction":[{"@type":"ReadAction","target":["https:\/\/poweratberth.eu\/?p=2005&lang=es"]}]},{"@type":"BreadcrumbList","@id":"https:\/\/poweratberth.eu\/?p=2005&lang=es#breadcrumb","itemListElement":[{"@type":"ListItem","position":1,"name":"Home","item":"http:\/\/poweratberth.eu\/?lang=en"},{"@type":"ListItem","position":2,"name":"Las compa\u00f1\u00edas ARMAS y FRED OLSEN -principales navieras sirviendo l\u00edneas mar\u00edtimas en las Islas Canarias- tendr\u00e1n OPS esta primavera de 2019"}]},{"@type":"Article","@id":"https:\/\/poweratberth.eu\/?p=2005&lang=es#article","isPartOf":{"@id":"https:\/\/poweratberth.eu\/?p=2005&lang=es#webpage"},"author":{"name":"demo","@id":"https:\/\/poweratberth.eu\/#\/schema\/person\/82b7916f5dd595896aec52852a66ed25"},"headline":"Las compa\u00f1\u00edas ARMAS y FRED OLSEN -principales navieras sirviendo l\u00edneas mar\u00edtimas en las Islas Canarias- tendr\u00e1n OPS esta primavera de 2019","datePublished":"2018-10-04T11:43:12+00:00","dateModified":"2018-10-04T11:43:12+00:00","mainEntityOfPage":{"@id":"https:\/\/poweratberth.eu\/?p=2005&lang=es#webpage"},"wordCount":170,"publisher":{"@id":"https:\/\/poweratberth.eu\/#organization"},"articleSection":["Muelles con suministro el\u00e9ctrico","Noticias"],"inLanguage":"en-US"},{"@type":"Person","@id":"https:\/\/poweratberth.eu\/#\/schema\/person\/82b7916f5dd595896aec52852a66ed25","name":"demo","image":{"@type":"ImageObject","inLanguage":"en-US","@id":"https:\/\/poweratberth.eu\/#\/schema\/person\/image\/","url":"https:\/\/secure.gravatar.com\/avatar\/f4705c572beb68a0311cdd5ce7151ac9?s=96&d=mm&r=g","contentUrl":"https:\/\/secure.gravatar.com\/avatar\/f4705c572beb68a0311cdd5ce7151ac9?s=96&d=mm&r=g","caption":"demo"},"url":"https:\/\/poweratberth.eu\/?author=7"}]}},"_links":{"self":[{"href":"https:\/\/poweratberth.eu\/index.php?rest_route=\/wp\/v2\/posts\/2005"}],"collection":[{"href":"https:\/\/poweratberth.eu\/index.php?rest_route=\/wp\/v2\/posts"}],"about":[{"href":"https:\/\/poweratberth.eu\/index.php?rest_route=\/wp\/v2\/types\/post"}],"author":[{"embeddable":true,"href":"https:\/\/poweratberth.eu\/index.php?rest_route=\/wp\/v2\/users\/7"}],"replies":[{"embeddable":true,"href":"https:\/\/poweratberth.eu\/index.php?rest_route=%2Fwp%2Fv2%2Fcomments&post=2005"}],"version-history":[{"count":1,"href":"https:\/\/poweratberth.eu\/index.php?rest_route=\/wp\/v2\/posts\/2005\/revisions"}],"predecessor-version":[{"id":2006,"href":"https:\/\/poweratberth.eu\/index.php?rest_route=\/wp\/v2\/posts\/2005\/revisions\/2006"}],"wp:attachment":[{"href":"https:\/\/poweratberth.eu\/index.php?rest_route=%2Fwp%2Fv2%2Fmedia&parent=2005"}],"wp:term":[{"taxonomy":"category","embeddable":true,"href":"https:\/\/poweratberth.eu\/index.php?rest_route=%2Fwp%2Fv2%2Fcategories&post=2005"},{"taxonomy":"post_tag","embeddable":true,"href":"https:\/\/poweratberth.eu\/index.php?rest_route=%2Fwp%2Fv2%2Ftags&post=2005"}],"curies":[{"name":"wp","href":"https:\/\/api.w.org\/{rel}","templated":true}]}}