
{"id":2524,"date":"2020-06-03T12:35:00","date_gmt":"2020-06-03T12:35:00","guid":{"rendered":"http:\/\/poweratberth.eu\/?p=2524"},"modified":"2020-06-25T12:46:23","modified_gmt":"2020-06-25T12:46:23","slug":"la-conferencia-de-ministros-de-transportes-de-la-ue-acuerda-impulsar-la-electrificacion-de-los-puertos-para-minorar-las-emisiones","status":"publish","type":"post","link":"https:\/\/poweratberth.eu\/?p=2524&lang=es","title":{"rendered":"La Conferencia de Ministros de Transportes de la UE acuerda impulsar la electrificaci\u00f3n de los puertos para minorar las emisiones"},"content":{"rendered":"\n<figure class=\"wp-block-image size-large\"><img decoding=\"async\" src=\"https:\/\/sede.fomento.gob.es\/NR\/rdonlyres\/5AE4C274-33CB-43C4-9BC9-D216E8BC33F6\/152766\/Original_Sede.gif\" alt=\"\"\/><\/figure>\n\n\n\n<p>03\/06\/2020 La reuni\u00f3n de ministros de trasportes de la UE reunidos el 3 de junio de 2020 en videoconferencia a causa del COVID19 acuerda priorizar pol\u00edticas basadas en la estrategia del Pacto Verde (Green Deal), y en la futura estrategia global sobre Movilidad Sostenible e Inteligente que presentar\u00e1 la Comisi\u00f3n antes de que finalice el a\u00f1o.<\/p>\n\n\n\n<p>Dicha estrategia incluye impulsar la electrificaci\u00f3n de los puertos para minorar las emisiones.<\/p>\n","protected":false},"excerpt":{"rendered":"<p>03\/06\/2020 La reuni\u00f3n de ministros de trasportes de la UE reunidos el 3 de junio de 2020 en videoconferencia a causa del COVID19 acuerda priorizar pol\u00edticas basadas en la estrategia del Pacto Verde (Green Deal), y en la futura estrategia global sobre Movilidad Sostenible e Inteligente que presentar\u00e1 la Comisi\u00f3n\u2026<\/p>\n<p> <a class=\"continue-reading-link\" href=\"https:\/\/poweratberth.eu\/?p=2524&#038;lang=es\"><span>Continue reading<\/span><i class=\"crycon-right-dir\"><\/i><\/a> <\/p>\n","protected":false},"author":4,"featured_media":0,"comment_status":"closed","ping_status":"open","sticky":false,"template":"","format":"standard","meta":[],"categories":[125,41],"tags":[],"yoast_head":"<!-- This site is optimized with the Yoast SEO plugin v19.2 - https:\/\/yoast.com\/wordpress\/plugins\/seo\/ -->\n<title>La Conferencia de Ministros de Transportes de la UE acuerda impulsar la electrificaci\u00f3n de los puertos para minorar las emisiones - Power@berth<\/title>\n<meta name=\"robots\" content=\"index, follow, max-snippet:-1, max-image-preview:large, max-video-preview:-1\" \/>\n<link rel=\"canonical\" href=\"https:\/\/poweratberth.eu\/?p=2524&lang=es\" \/>\n<meta property=\"og:locale\" content=\"en_US\" \/>\n<meta property=\"og:type\" content=\"article\" \/>\n<meta property=\"og:title\" content=\"La Conferencia de Ministros de Transportes de la UE acuerda impulsar la electrificaci\u00f3n de los puertos para minorar las emisiones - Power@berth\" \/>\n<meta property=\"og:description\" content=\"03\/06\/2020 La reuni\u00f3n de ministros de trasportes de la UE reunidos el 3 de junio de 2020 en videoconferencia a causa del COVID19 acuerda priorizar pol\u00edticas basadas en la estrategia del Pacto Verde (Green Deal), y en la futura estrategia global sobre Movilidad Sostenible e Inteligente que presentar\u00e1 la Comisi\u00f3n\u2026 Continue reading\" \/>\n<meta property=\"og:url\" content=\"https:\/\/poweratberth.eu\/?p=2524&amp;lang=es\" \/>\n<meta property=\"og:site_name\" content=\"Power@berth\" \/>\n<meta property=\"article:published_time\" content=\"2020-06-03T12:35:00+00:00\" \/>\n<meta property=\"article:modified_time\" content=\"2020-06-25T12:46:23+00:00\" \/>\n<meta property=\"og:image\" content=\"https:\/\/sede.fomento.gob.es\/NR\/rdonlyres\/5AE4C274-33CB-43C4-9BC9-D216E8BC33F6\/152766\/Original_Sede.gif\" \/>\n<meta name=\"author\" content=\"jcueva\" \/>\n<meta name=\"twitter:card\" content=\"summary_large_image\" \/>\n<meta name=\"twitter:label1\" content=\"Written by\" \/>\n\t<meta name=\"twitter:data1\" content=\"jcueva\" \/>\n<script type=\"application\/ld+json\" class=\"yoast-schema-graph\">{\"@context\":\"https:\/\/schema.org\",\"@graph\":[{\"@type\":\"Organization\",\"@id\":\"https:\/\/poweratberth.eu\/#organization\",\"name\":\"Ops Master Plan Spanish Ports\",\"url\":\"https:\/\/poweratberth.eu\/\",\"sameAs\":[],\"logo\":{\"@type\":\"ImageObject\",\"inLanguage\":\"en-US\",\"@id\":\"https:\/\/poweratberth.eu\/#\/schema\/logo\/image\/\",\"url\":\"http:\/\/poweratberth.eu\/wp-content\/uploads\/2017\/02\/logo2017-02-16.jpg\",\"contentUrl\":\"http:\/\/poweratberth.eu\/wp-content\/uploads\/2017\/02\/logo2017-02-16.jpg\",\"width\":512,\"height\":387,\"caption\":\"Ops Master Plan Spanish Ports\"},\"image\":{\"@id\":\"https:\/\/poweratberth.eu\/#\/schema\/logo\/image\/\"}},{\"@type\":\"WebSite\",\"@id\":\"https:\/\/poweratberth.eu\/#website\",\"url\":\"https:\/\/poweratberth.eu\/\",\"name\":\"Power@berth\",\"description\":\"Ops Spanish Ports\",\"publisher\":{\"@id\":\"https:\/\/poweratberth.eu\/#organization\"},\"potentialAction\":[{\"@type\":\"SearchAction\",\"target\":{\"@type\":\"EntryPoint\",\"urlTemplate\":\"https:\/\/poweratberth.eu\/?s={search_term_string}\"},\"query-input\":\"required name=search_term_string\"}],\"inLanguage\":\"en-US\"},{\"@type\":\"ImageObject\",\"inLanguage\":\"en-US\",\"@id\":\"https:\/\/poweratberth.eu\/?p=2524&lang=es#primaryimage\",\"url\":\"https:\/\/sede.fomento.gob.es\/NR\/rdonlyres\/5AE4C274-33CB-43C4-9BC9-D216E8BC33F6\/152766\/Original_Sede.gif\",\"contentUrl\":\"https:\/\/sede.fomento.gob.es\/NR\/rdonlyres\/5AE4C274-33CB-43C4-9BC9-D216E8BC33F6\/152766\/Original_Sede.gif\"},{\"@type\":\"WebPage\",\"@id\":\"https:\/\/poweratberth.eu\/?p=2524&lang=es#webpage\",\"url\":\"https:\/\/poweratberth.eu\/?p=2524&lang=es\",\"name\":\"La Conferencia de Ministros de Transportes de la UE acuerda impulsar la electrificaci\u00f3n de los puertos para minorar las emisiones - Power@berth\",\"isPartOf\":{\"@id\":\"https:\/\/poweratberth.eu\/#website\"},\"primaryImageOfPage\":{\"@id\":\"https:\/\/poweratberth.eu\/?p=2524&lang=es#primaryimage\"},\"datePublished\":\"2020-06-03T12:35:00+00:00\",\"dateModified\":\"2020-06-25T12:46:23+00:00\",\"breadcrumb\":{\"@id\":\"https:\/\/poweratberth.eu\/?p=2524&lang=es#breadcrumb\"},\"inLanguage\":\"en-US\",\"potentialAction\":[{\"@type\":\"ReadAction\",\"target\":[\"https:\/\/poweratberth.eu\/?p=2524&lang=es\"]}]},{\"@type\":\"BreadcrumbList\",\"@id\":\"https:\/\/poweratberth.eu\/?p=2524&lang=es#breadcrumb\",\"itemListElement\":[{\"@type\":\"ListItem\",\"position\":1,\"name\":\"Home\",\"item\":\"http:\/\/poweratberth.eu\/?lang=en\"},{\"@type\":\"ListItem\",\"position\":2,\"name\":\"La Conferencia de Ministros de Transportes de la UE acuerda impulsar la electrificaci\u00f3n de los puertos para minorar las emisiones\"}]},{\"@type\":\"Article\",\"@id\":\"https:\/\/poweratberth.eu\/?p=2524&lang=es#article\",\"isPartOf\":{\"@id\":\"https:\/\/poweratberth.eu\/?p=2524&lang=es#webpage\"},\"author\":{\"name\":\"jcueva\",\"@id\":\"https:\/\/poweratberth.eu\/#\/schema\/person\/3310cad7e5a84cdb302039c96b1c9c56\"},\"headline\":\"La Conferencia de Ministros de Transportes de la UE acuerda impulsar la electrificaci\u00f3n de los puertos para minorar las emisiones\",\"datePublished\":\"2020-06-03T12:35:00+00:00\",\"dateModified\":\"2020-06-25T12:46:23+00:00\",\"mainEntityOfPage\":{\"@id\":\"https:\/\/poweratberth.eu\/?p=2524&lang=es#webpage\"},\"wordCount\":92,\"publisher\":{\"@id\":\"https:\/\/poweratberth.eu\/#organization\"},\"image\":{\"@id\":\"https:\/\/poweratberth.eu\/?p=2524&lang=es#primaryimage\"},\"thumbnailUrl\":\"https:\/\/sede.fomento.gob.es\/NR\/rdonlyres\/5AE4C274-33CB-43C4-9BC9-D216E8BC33F6\/152766\/Original_Sede.gif\",\"articleSection\":[\"Eventos\",\"Noticias\"],\"inLanguage\":\"en-US\"},{\"@type\":\"Person\",\"@id\":\"https:\/\/poweratberth.eu\/#\/schema\/person\/3310cad7e5a84cdb302039c96b1c9c56\",\"name\":\"jcueva\",\"image\":{\"@type\":\"ImageObject\",\"inLanguage\":\"en-US\",\"@id\":\"https:\/\/poweratberth.eu\/#\/schema\/person\/image\/\",\"url\":\"https:\/\/secure.gravatar.com\/avatar\/729e1d7f71389c0d91b542802dc3cf02?s=96&d=mm&r=g\",\"contentUrl\":\"https:\/\/secure.gravatar.com\/avatar\/729e1d7f71389c0d91b542802dc3cf02?s=96&d=mm&r=g\",\"caption\":\"jcueva\"},\"url\":\"https:\/\/poweratberth.eu\/?author=4\"}]}<\/script>\n<!-- \/ Yoast SEO plugin. -->","yoast_head_json":{"title":"La Conferencia de Ministros de Transportes de la UE acuerda impulsar la electrificaci\u00f3n de los puertos para minorar las emisiones - Power@berth","robots":{"index":"index","follow":"follow","max-snippet":"max-snippet:-1","max-image-preview":"max-image-preview:large","max-video-preview":"max-video-preview:-1"},"canonical":"https:\/\/poweratberth.eu\/?p=2524&lang=es","og_locale":"en_US","og_type":"article","og_title":"La Conferencia de Ministros de Transportes de la UE acuerda impulsar la electrificaci\u00f3n de los puertos para minorar las emisiones - Power@berth","og_description":"03\/06\/2020 La reuni\u00f3n de ministros de trasportes de la UE reunidos el 3 de junio de 2020 en videoconferencia a causa del COVID19 acuerda priorizar pol\u00edticas basadas en la estrategia del Pacto Verde (Green Deal), y en la futura estrategia global sobre Movilidad Sostenible e Inteligente que presentar\u00e1 la Comisi\u00f3n\u2026 Continue reading","og_url":"https:\/\/poweratberth.eu\/?p=2524&lang=es","og_site_name":"Power@berth","article_published_time":"2020-06-03T12:35:00+00:00","article_modified_time":"2020-06-25T12:46:23+00:00","og_image":[{"url":"https:\/\/sede.fomento.gob.es\/NR\/rdonlyres\/5AE4C274-33CB-43C4-9BC9-D216E8BC33F6\/152766\/Original_Sede.gif"}],"author":"jcueva","twitter_card":"summary_large_image","twitter_misc":{"Written by":"jcueva"},"schema":{"@context":"https:\/\/schema.org","@graph":[{"@type":"Organization","@id":"https:\/\/poweratberth.eu\/#organization","name":"Ops Master Plan Spanish Ports","url":"https:\/\/poweratberth.eu\/","sameAs":[],"logo":{"@type":"ImageObject","inLanguage":"en-US","@id":"https:\/\/poweratberth.eu\/#\/schema\/logo\/image\/","url":"http:\/\/poweratberth.eu\/wp-content\/uploads\/2017\/02\/logo2017-02-16.jpg","contentUrl":"http:\/\/poweratberth.eu\/wp-content\/uploads\/2017\/02\/logo2017-02-16.jpg","width":512,"height":387,"caption":"Ops Master Plan Spanish Ports"},"image":{"@id":"https:\/\/poweratberth.eu\/#\/schema\/logo\/image\/"}},{"@type":"WebSite","@id":"https:\/\/poweratberth.eu\/#website","url":"https:\/\/poweratberth.eu\/","name":"Power@berth","description":"Ops Spanish Ports","publisher":{"@id":"https:\/\/poweratberth.eu\/#organization"},"potentialAction":[{"@type":"SearchAction","target":{"@type":"EntryPoint","urlTemplate":"https:\/\/poweratberth.eu\/?s={search_term_string}"},"query-input":"required name=search_term_string"}],"inLanguage":"en-US"},{"@type":"ImageObject","inLanguage":"en-US","@id":"https:\/\/poweratberth.eu\/?p=2524&lang=es#primaryimage","url":"https:\/\/sede.fomento.gob.es\/NR\/rdonlyres\/5AE4C274-33CB-43C4-9BC9-D216E8BC33F6\/152766\/Original_Sede.gif","contentUrl":"https:\/\/sede.fomento.gob.es\/NR\/rdonlyres\/5AE4C274-33CB-43C4-9BC9-D216E8BC33F6\/152766\/Original_Sede.gif"},{"@type":"WebPage","@id":"https:\/\/poweratberth.eu\/?p=2524&lang=es#webpage","url":"https:\/\/poweratberth.eu\/?p=2524&lang=es","name":"La Conferencia de Ministros de Transportes de la UE acuerda impulsar la electrificaci\u00f3n de los puertos para minorar las emisiones - Power@berth","isPartOf":{"@id":"https:\/\/poweratberth.eu\/#website"},"primaryImageOfPage":{"@id":"https:\/\/poweratberth.eu\/?p=2524&lang=es#primaryimage"},"datePublished":"2020-06-03T12:35:00+00:00","dateModified":"2020-06-25T12:46:23+00:00","breadcrumb":{"@id":"https:\/\/poweratberth.eu\/?p=2524&lang=es#breadcrumb"},"inLanguage":"en-US","potentialAction":[{"@type":"ReadAction","target":["https:\/\/poweratberth.eu\/?p=2524&lang=es"]}]},{"@type":"BreadcrumbList","@id":"https:\/\/poweratberth.eu\/?p=2524&lang=es#breadcrumb","itemListElement":[{"@type":"ListItem","position":1,"name":"Home","item":"http:\/\/poweratberth.eu\/?lang=en"},{"@type":"ListItem","position":2,"name":"La Conferencia de Ministros de Transportes de la UE acuerda impulsar la electrificaci\u00f3n de los puertos para minorar las emisiones"}]},{"@type":"Article","@id":"https:\/\/poweratberth.eu\/?p=2524&lang=es#article","isPartOf":{"@id":"https:\/\/poweratberth.eu\/?p=2524&lang=es#webpage"},"author":{"name":"jcueva","@id":"https:\/\/poweratberth.eu\/#\/schema\/person\/3310cad7e5a84cdb302039c96b1c9c56"},"headline":"La Conferencia de Ministros de Transportes de la UE acuerda impulsar la electrificaci\u00f3n de los puertos para minorar las emisiones","datePublished":"2020-06-03T12:35:00+00:00","dateModified":"2020-06-25T12:46:23+00:00","mainEntityOfPage":{"@id":"https:\/\/poweratberth.eu\/?p=2524&lang=es#webpage"},"wordCount":92,"publisher":{"@id":"https:\/\/poweratberth.eu\/#organization"},"image":{"@id":"https:\/\/poweratberth.eu\/?p=2524&lang=es#primaryimage"},"thumbnailUrl":"https:\/\/sede.fomento.gob.es\/NR\/rdonlyres\/5AE4C274-33CB-43C4-9BC9-D216E8BC33F6\/152766\/Original_Sede.gif","articleSection":["Eventos","Noticias"],"inLanguage":"en-US"},{"@type":"Person","@id":"https:\/\/poweratberth.eu\/#\/schema\/person\/3310cad7e5a84cdb302039c96b1c9c56","name":"jcueva","image":{"@type":"ImageObject","inLanguage":"en-US","@id":"https:\/\/poweratberth.eu\/#\/schema\/person\/image\/","url":"https:\/\/secure.gravatar.com\/avatar\/729e1d7f71389c0d91b542802dc3cf02?s=96&d=mm&r=g","contentUrl":"https:\/\/secure.gravatar.com\/avatar\/729e1d7f71389c0d91b542802dc3cf02?s=96&d=mm&r=g","caption":"jcueva"},"url":"https:\/\/poweratberth.eu\/?author=4"}]}},"_links":{"self":[{"href":"https:\/\/poweratberth.eu\/index.php?rest_route=\/wp\/v2\/posts\/2524"}],"collection":[{"href":"https:\/\/poweratberth.eu\/index.php?rest_route=\/wp\/v2\/posts"}],"about":[{"href":"https:\/\/poweratberth.eu\/index.php?rest_route=\/wp\/v2\/types\/post"}],"author":[{"embeddable":true,"href":"https:\/\/poweratberth.eu\/index.php?rest_route=\/wp\/v2\/users\/4"}],"replies":[{"embeddable":true,"href":"https:\/\/poweratberth.eu\/index.php?rest_route=%2Fwp%2Fv2%2Fcomments&post=2524"}],"version-history":[{"count":1,"href":"https:\/\/poweratberth.eu\/index.php?rest_route=\/wp\/v2\/posts\/2524\/revisions"}],"predecessor-version":[{"id":2525,"href":"https:\/\/poweratberth.eu\/index.php?rest_route=\/wp\/v2\/posts\/2524\/revisions\/2525"}],"wp:attachment":[{"href":"https:\/\/poweratberth.eu\/index.php?rest_route=%2Fwp%2Fv2%2Fmedia&parent=2524"}],"wp:term":[{"taxonomy":"category","embeddable":true,"href":"https:\/\/poweratberth.eu\/index.php?rest_route=%2Fwp%2Fv2%2Fcategories&post=2524"},{"taxonomy":"post_tag","embeddable":true,"href":"https:\/\/poweratberth.eu\/index.php?rest_route=%2Fwp%2Fv2%2Ftags&post=2524"}],"curies":[{"name":"wp","href":"https:\/\/api.w.org\/{rel}","templated":true}]}}