
{"id":2528,"date":"2020-06-11T12:55:00","date_gmt":"2020-06-11T12:55:00","guid":{"rendered":"http:\/\/poweratberth.eu\/?p=2528"},"modified":"2020-06-25T13:21:26","modified_gmt":"2020-06-25T13:21:26","slug":"valenciaport-apuesta-por-ops-para-descarbonizar-el-puerto","status":"publish","type":"post","link":"https:\/\/poweratberth.eu\/?p=2528&lang=es","title":{"rendered":"ValenciaPORT apuesta por OPS para descarbonizar el Puerto"},"content":{"rendered":"\n<figure class=\"wp-block-image size-large\"><img decoding=\"async\" src=\"https:\/\/www.valenciaport.com\/wp-content\/themes\/valenciaport\/assets\/images\/login-logo.png\" alt=\"\"\/><\/figure>\n\n\n\n<p>05\/06\/2020 Una nueva subestaci\u00f3n el\u00e9ctrica con dos transformadores de 30 MW muestran el compromiso de la Autoridad Portuaria de Valencia (APV) con la descarbonizaci\u00f3n del Puerto.<\/p>\n\n\n\n<p>El Presidente de la APV Aurelio Mart\u00ednez ha asegurado durante el d\u00eda mundial del medio ambiente que adelantar\u00e1 al 2030 la neutralidad de carbono en el Puerto de Valencia.<\/p>\n\n\n\n<p>Aurelio Mart\u00ednez ha anunciado tambi\u00e9n que el Puerto de Sagunto  -tambien administrado por la APV- construir\u00e1 una planta fotovoltaica.<\/p>\n\n\n\n<p>M\u00e1s info est\u00e1 disponible <a href=\"https:\/\/www.clustermaritimo.es\/2020\/06\/08\/aurelio-martinez-valenciaport-esta-en-la-primera-linea-de-inversion-contra-el-cambio-y-la-emergencia-climatica\/\">aqu\u00ed<\/a> gracias a la cortes\u00eda del CLUSTER MAR\u00cdTIMO.<\/p>\n","protected":false},"excerpt":{"rendered":"<p>05\/06\/2020 Una nueva subestaci\u00f3n el\u00e9ctrica con dos transformadores de 30 MW muestran el compromiso de la Autoridad Portuaria de Valencia (APV) con la descarbonizaci\u00f3n del Puerto. El Presidente de la APV Aurelio Mart\u00ednez ha asegurado durante el d\u00eda mundial del medio ambiente que adelantar\u00e1 al 2030 la neutralidad de carbono\u2026<\/p>\n<p> <a class=\"continue-reading-link\" href=\"https:\/\/poweratberth.eu\/?p=2528&#038;lang=es\"><span>Continue reading<\/span><i class=\"crycon-right-dir\"><\/i><\/a> <\/p>\n","protected":false},"author":4,"featured_media":0,"comment_status":"closed","ping_status":"open","sticky":false,"template":"","format":"standard","meta":[],"categories":[36,41],"tags":[],"yoast_head":"<!-- This site is optimized with the Yoast SEO plugin v19.2 - https:\/\/yoast.com\/wordpress\/plugins\/seo\/ -->\n<title>ValenciaPORT apuesta por OPS para descarbonizar el Puerto - Power@berth<\/title>\n<meta name=\"robots\" content=\"index, follow, max-snippet:-1, max-image-preview:large, max-video-preview:-1\" \/>\n<link rel=\"canonical\" href=\"https:\/\/poweratberth.eu\/?p=2528&lang=es\" \/>\n<meta property=\"og:locale\" content=\"en_US\" \/>\n<meta property=\"og:type\" content=\"article\" \/>\n<meta property=\"og:title\" content=\"ValenciaPORT apuesta por OPS para descarbonizar el Puerto - Power@berth\" \/>\n<meta property=\"og:description\" content=\"05\/06\/2020 Una nueva subestaci\u00f3n el\u00e9ctrica con dos transformadores de 30 MW muestran el compromiso de la Autoridad Portuaria de Valencia (APV) con la descarbonizaci\u00f3n del Puerto. El Presidente de la APV Aurelio Mart\u00ednez ha asegurado durante el d\u00eda mundial del medio ambiente que adelantar\u00e1 al 2030 la neutralidad de carbono\u2026 Continue reading\" \/>\n<meta property=\"og:url\" content=\"https:\/\/poweratberth.eu\/?p=2528&amp;lang=es\" \/>\n<meta property=\"og:site_name\" content=\"Power@berth\" \/>\n<meta property=\"article:published_time\" content=\"2020-06-11T12:55:00+00:00\" \/>\n<meta property=\"article:modified_time\" content=\"2020-06-25T13:21:26+00:00\" \/>\n<meta property=\"og:image\" content=\"https:\/\/www.valenciaport.com\/wp-content\/themes\/valenciaport\/assets\/images\/login-logo.png\" \/>\n<meta name=\"author\" content=\"jcueva\" \/>\n<meta name=\"twitter:card\" content=\"summary_large_image\" \/>\n<meta name=\"twitter:label1\" content=\"Written by\" \/>\n\t<meta name=\"twitter:data1\" content=\"jcueva\" \/>\n<script type=\"application\/ld+json\" class=\"yoast-schema-graph\">{\"@context\":\"https:\/\/schema.org\",\"@graph\":[{\"@type\":\"Organization\",\"@id\":\"https:\/\/poweratberth.eu\/#organization\",\"name\":\"Ops Master Plan Spanish Ports\",\"url\":\"https:\/\/poweratberth.eu\/\",\"sameAs\":[],\"logo\":{\"@type\":\"ImageObject\",\"inLanguage\":\"en-US\",\"@id\":\"https:\/\/poweratberth.eu\/#\/schema\/logo\/image\/\",\"url\":\"http:\/\/poweratberth.eu\/wp-content\/uploads\/2017\/02\/logo2017-02-16.jpg\",\"contentUrl\":\"http:\/\/poweratberth.eu\/wp-content\/uploads\/2017\/02\/logo2017-02-16.jpg\",\"width\":512,\"height\":387,\"caption\":\"Ops Master Plan Spanish Ports\"},\"image\":{\"@id\":\"https:\/\/poweratberth.eu\/#\/schema\/logo\/image\/\"}},{\"@type\":\"WebSite\",\"@id\":\"https:\/\/poweratberth.eu\/#website\",\"url\":\"https:\/\/poweratberth.eu\/\",\"name\":\"Power@berth\",\"description\":\"Ops Spanish Ports\",\"publisher\":{\"@id\":\"https:\/\/poweratberth.eu\/#organization\"},\"potentialAction\":[{\"@type\":\"SearchAction\",\"target\":{\"@type\":\"EntryPoint\",\"urlTemplate\":\"https:\/\/poweratberth.eu\/?s={search_term_string}\"},\"query-input\":\"required name=search_term_string\"}],\"inLanguage\":\"en-US\"},{\"@type\":\"ImageObject\",\"inLanguage\":\"en-US\",\"@id\":\"https:\/\/poweratberth.eu\/?p=2528&lang=es#primaryimage\",\"url\":\"https:\/\/www.valenciaport.com\/wp-content\/themes\/valenciaport\/assets\/images\/login-logo.png\",\"contentUrl\":\"https:\/\/www.valenciaport.com\/wp-content\/themes\/valenciaport\/assets\/images\/login-logo.png\"},{\"@type\":\"WebPage\",\"@id\":\"https:\/\/poweratberth.eu\/?p=2528&lang=es#webpage\",\"url\":\"https:\/\/poweratberth.eu\/?p=2528&lang=es\",\"name\":\"ValenciaPORT apuesta por OPS para descarbonizar el Puerto - Power@berth\",\"isPartOf\":{\"@id\":\"https:\/\/poweratberth.eu\/#website\"},\"primaryImageOfPage\":{\"@id\":\"https:\/\/poweratberth.eu\/?p=2528&lang=es#primaryimage\"},\"datePublished\":\"2020-06-11T12:55:00+00:00\",\"dateModified\":\"2020-06-25T13:21:26+00:00\",\"breadcrumb\":{\"@id\":\"https:\/\/poweratberth.eu\/?p=2528&lang=es#breadcrumb\"},\"inLanguage\":\"en-US\",\"potentialAction\":[{\"@type\":\"ReadAction\",\"target\":[\"https:\/\/poweratberth.eu\/?p=2528&lang=es\"]}]},{\"@type\":\"BreadcrumbList\",\"@id\":\"https:\/\/poweratberth.eu\/?p=2528&lang=es#breadcrumb\",\"itemListElement\":[{\"@type\":\"ListItem\",\"position\":1,\"name\":\"Home\",\"item\":\"http:\/\/poweratberth.eu\/?lang=en\"},{\"@type\":\"ListItem\",\"position\":2,\"name\":\"ValenciaPORT apuesta por OPS para descarbonizar el Puerto\"}]},{\"@type\":\"Article\",\"@id\":\"https:\/\/poweratberth.eu\/?p=2528&lang=es#article\",\"isPartOf\":{\"@id\":\"https:\/\/poweratberth.eu\/?p=2528&lang=es#webpage\"},\"author\":{\"name\":\"jcueva\",\"@id\":\"https:\/\/poweratberth.eu\/#\/schema\/person\/3310cad7e5a84cdb302039c96b1c9c56\"},\"headline\":\"ValenciaPORT apuesta por OPS para descarbonizar el Puerto\",\"datePublished\":\"2020-06-11T12:55:00+00:00\",\"dateModified\":\"2020-06-25T13:21:26+00:00\",\"mainEntityOfPage\":{\"@id\":\"https:\/\/poweratberth.eu\/?p=2528&lang=es#webpage\"},\"wordCount\":101,\"publisher\":{\"@id\":\"https:\/\/poweratberth.eu\/#organization\"},\"image\":{\"@id\":\"https:\/\/poweratberth.eu\/?p=2528&lang=es#primaryimage\"},\"thumbnailUrl\":\"https:\/\/www.valenciaport.com\/wp-content\/themes\/valenciaport\/assets\/images\/login-logo.png\",\"articleSection\":[\"Muelles con suministro el\u00e9ctrico\",\"Noticias\"],\"inLanguage\":\"en-US\"},{\"@type\":\"Person\",\"@id\":\"https:\/\/poweratberth.eu\/#\/schema\/person\/3310cad7e5a84cdb302039c96b1c9c56\",\"name\":\"jcueva\",\"image\":{\"@type\":\"ImageObject\",\"inLanguage\":\"en-US\",\"@id\":\"https:\/\/poweratberth.eu\/#\/schema\/person\/image\/\",\"url\":\"https:\/\/secure.gravatar.com\/avatar\/729e1d7f71389c0d91b542802dc3cf02?s=96&d=mm&r=g\",\"contentUrl\":\"https:\/\/secure.gravatar.com\/avatar\/729e1d7f71389c0d91b542802dc3cf02?s=96&d=mm&r=g\",\"caption\":\"jcueva\"},\"url\":\"https:\/\/poweratberth.eu\/?author=4\"}]}<\/script>\n<!-- \/ Yoast SEO plugin. -->","yoast_head_json":{"title":"ValenciaPORT apuesta por OPS para descarbonizar el Puerto - Power@berth","robots":{"index":"index","follow":"follow","max-snippet":"max-snippet:-1","max-image-preview":"max-image-preview:large","max-video-preview":"max-video-preview:-1"},"canonical":"https:\/\/poweratberth.eu\/?p=2528&lang=es","og_locale":"en_US","og_type":"article","og_title":"ValenciaPORT apuesta por OPS para descarbonizar el Puerto - Power@berth","og_description":"05\/06\/2020 Una nueva subestaci\u00f3n el\u00e9ctrica con dos transformadores de 30 MW muestran el compromiso de la Autoridad Portuaria de Valencia (APV) con la descarbonizaci\u00f3n del Puerto. El Presidente de la APV Aurelio Mart\u00ednez ha asegurado durante el d\u00eda mundial del medio ambiente que adelantar\u00e1 al 2030 la neutralidad de carbono\u2026 Continue reading","og_url":"https:\/\/poweratberth.eu\/?p=2528&lang=es","og_site_name":"Power@berth","article_published_time":"2020-06-11T12:55:00+00:00","article_modified_time":"2020-06-25T13:21:26+00:00","og_image":[{"url":"https:\/\/www.valenciaport.com\/wp-content\/themes\/valenciaport\/assets\/images\/login-logo.png"}],"author":"jcueva","twitter_card":"summary_large_image","twitter_misc":{"Written by":"jcueva"},"schema":{"@context":"https:\/\/schema.org","@graph":[{"@type":"Organization","@id":"https:\/\/poweratberth.eu\/#organization","name":"Ops Master Plan Spanish Ports","url":"https:\/\/poweratberth.eu\/","sameAs":[],"logo":{"@type":"ImageObject","inLanguage":"en-US","@id":"https:\/\/poweratberth.eu\/#\/schema\/logo\/image\/","url":"http:\/\/poweratberth.eu\/wp-content\/uploads\/2017\/02\/logo2017-02-16.jpg","contentUrl":"http:\/\/poweratberth.eu\/wp-content\/uploads\/2017\/02\/logo2017-02-16.jpg","width":512,"height":387,"caption":"Ops Master Plan Spanish Ports"},"image":{"@id":"https:\/\/poweratberth.eu\/#\/schema\/logo\/image\/"}},{"@type":"WebSite","@id":"https:\/\/poweratberth.eu\/#website","url":"https:\/\/poweratberth.eu\/","name":"Power@berth","description":"Ops Spanish Ports","publisher":{"@id":"https:\/\/poweratberth.eu\/#organization"},"potentialAction":[{"@type":"SearchAction","target":{"@type":"EntryPoint","urlTemplate":"https:\/\/poweratberth.eu\/?s={search_term_string}"},"query-input":"required name=search_term_string"}],"inLanguage":"en-US"},{"@type":"ImageObject","inLanguage":"en-US","@id":"https:\/\/poweratberth.eu\/?p=2528&lang=es#primaryimage","url":"https:\/\/www.valenciaport.com\/wp-content\/themes\/valenciaport\/assets\/images\/login-logo.png","contentUrl":"https:\/\/www.valenciaport.com\/wp-content\/themes\/valenciaport\/assets\/images\/login-logo.png"},{"@type":"WebPage","@id":"https:\/\/poweratberth.eu\/?p=2528&lang=es#webpage","url":"https:\/\/poweratberth.eu\/?p=2528&lang=es","name":"ValenciaPORT apuesta por OPS para descarbonizar el Puerto - Power@berth","isPartOf":{"@id":"https:\/\/poweratberth.eu\/#website"},"primaryImageOfPage":{"@id":"https:\/\/poweratberth.eu\/?p=2528&lang=es#primaryimage"},"datePublished":"2020-06-11T12:55:00+00:00","dateModified":"2020-06-25T13:21:26+00:00","breadcrumb":{"@id":"https:\/\/poweratberth.eu\/?p=2528&lang=es#breadcrumb"},"inLanguage":"en-US","potentialAction":[{"@type":"ReadAction","target":["https:\/\/poweratberth.eu\/?p=2528&lang=es"]}]},{"@type":"BreadcrumbList","@id":"https:\/\/poweratberth.eu\/?p=2528&lang=es#breadcrumb","itemListElement":[{"@type":"ListItem","position":1,"name":"Home","item":"http:\/\/poweratberth.eu\/?lang=en"},{"@type":"ListItem","position":2,"name":"ValenciaPORT apuesta por OPS para descarbonizar el Puerto"}]},{"@type":"Article","@id":"https:\/\/poweratberth.eu\/?p=2528&lang=es#article","isPartOf":{"@id":"https:\/\/poweratberth.eu\/?p=2528&lang=es#webpage"},"author":{"name":"jcueva","@id":"https:\/\/poweratberth.eu\/#\/schema\/person\/3310cad7e5a84cdb302039c96b1c9c56"},"headline":"ValenciaPORT apuesta por OPS para descarbonizar el Puerto","datePublished":"2020-06-11T12:55:00+00:00","dateModified":"2020-06-25T13:21:26+00:00","mainEntityOfPage":{"@id":"https:\/\/poweratberth.eu\/?p=2528&lang=es#webpage"},"wordCount":101,"publisher":{"@id":"https:\/\/poweratberth.eu\/#organization"},"image":{"@id":"https:\/\/poweratberth.eu\/?p=2528&lang=es#primaryimage"},"thumbnailUrl":"https:\/\/www.valenciaport.com\/wp-content\/themes\/valenciaport\/assets\/images\/login-logo.png","articleSection":["Muelles con suministro el\u00e9ctrico","Noticias"],"inLanguage":"en-US"},{"@type":"Person","@id":"https:\/\/poweratberth.eu\/#\/schema\/person\/3310cad7e5a84cdb302039c96b1c9c56","name":"jcueva","image":{"@type":"ImageObject","inLanguage":"en-US","@id":"https:\/\/poweratberth.eu\/#\/schema\/person\/image\/","url":"https:\/\/secure.gravatar.com\/avatar\/729e1d7f71389c0d91b542802dc3cf02?s=96&d=mm&r=g","contentUrl":"https:\/\/secure.gravatar.com\/avatar\/729e1d7f71389c0d91b542802dc3cf02?s=96&d=mm&r=g","caption":"jcueva"},"url":"https:\/\/poweratberth.eu\/?author=4"}]}},"_links":{"self":[{"href":"https:\/\/poweratberth.eu\/index.php?rest_route=\/wp\/v2\/posts\/2528"}],"collection":[{"href":"https:\/\/poweratberth.eu\/index.php?rest_route=\/wp\/v2\/posts"}],"about":[{"href":"https:\/\/poweratberth.eu\/index.php?rest_route=\/wp\/v2\/types\/post"}],"author":[{"embeddable":true,"href":"https:\/\/poweratberth.eu\/index.php?rest_route=\/wp\/v2\/users\/4"}],"replies":[{"embeddable":true,"href":"https:\/\/poweratberth.eu\/index.php?rest_route=%2Fwp%2Fv2%2Fcomments&post=2528"}],"version-history":[{"count":3,"href":"https:\/\/poweratberth.eu\/index.php?rest_route=\/wp\/v2\/posts\/2528\/revisions"}],"predecessor-version":[{"id":2534,"href":"https:\/\/poweratberth.eu\/index.php?rest_route=\/wp\/v2\/posts\/2528\/revisions\/2534"}],"wp:attachment":[{"href":"https:\/\/poweratberth.eu\/index.php?rest_route=%2Fwp%2Fv2%2Fmedia&parent=2528"}],"wp:term":[{"taxonomy":"category","embeddable":true,"href":"https:\/\/poweratberth.eu\/index.php?rest_route=%2Fwp%2Fv2%2Fcategories&post=2528"},{"taxonomy":"post_tag","embeddable":true,"href":"https:\/\/poweratberth.eu\/index.php?rest_route=%2Fwp%2Fv2%2Ftags&post=2528"}],"curies":[{"name":"wp","href":"https:\/\/api.w.org\/{rel}","templated":true}]}}