
{"id":2542,"date":"2020-04-21T11:46:00","date_gmt":"2020-04-21T11:46:00","guid":{"rendered":"http:\/\/poweratberth.eu\/?p=2542"},"modified":"2020-07-06T12:15:02","modified_gmt":"2020-07-06T12:15:02","slug":"valenciaport-utilizara-energia-renovable-para-suministrar-ops-en-junio-de-2023","status":"publish","type":"post","link":"https:\/\/poweratberth.eu\/?p=2542&lang=es","title":{"rendered":"ValenciaPort utilizar\u00e1 energ\u00eda renovable para suministrar OPS en junio de 2023"},"content":{"rendered":"\n<figure class=\"wp-block-image size-large is-resized\"><img decoding=\"async\" loading=\"lazy\" src=\"https:\/\/energia.gob.es\/SiteCollectionImages\/energia-3.jpg\" alt=\"\" width=\"85\" height=\"56\"\/><\/figure>\n\n\n\n<p>21\/04\/2020 La  Autoridad Portuaria de Valencia prev\u00e9 tener adaptados en junio de 2023 sus muelles para que hasta 6 portacontenedores, 4 ferris y 2 cruceros puedan ser suministrados con energ\u00eda el\u00e9ctrica durante el tiempo en que permanecen en atraque.<\/p>\n\n\n\n<p>Con este\nobjetivo, la Autoridad Portuaria de Valencia estudia con su operador de\nveh\u00edculos GRIMALDI la construcci\u00f3n de una central\nfotovoltaica utilizando los 40.000 m2 del techo del silo de autom\u00f3viles. A esta\ncentral fotovoltaica de 6 MW se a\u00f1adir\u00eda otra actuaci\u00f3n similar de una\nsuperficie de 300 metros cuadrados situada entre el dique Pr\u00edncipe Felipe y el\nClub N\u00e1utico.<\/p>\n\n\n\n<p>El Puerto de Valencia sigue su\nhoja de ruta para ser el primer puerto del Mediterr\u00e1neo y\nde Europa en alcanzar las cero emisiones en 2030.<\/p>\n","protected":false},"excerpt":{"rendered":"<p>21\/04\/2020 La Autoridad Portuaria de Valencia prev\u00e9 tener adaptados en junio de 2023 sus muelles para que hasta 6 portacontenedores, 4 ferris y 2 cruceros puedan ser suministrados con energ\u00eda el\u00e9ctrica durante el tiempo en que permanecen en atraque. Con este objetivo, la Autoridad Portuaria de Valencia estudia con su\u2026<\/p>\n<p> <a class=\"continue-reading-link\" href=\"https:\/\/poweratberth.eu\/?p=2542&#038;lang=es\"><span>Continue reading<\/span><i class=\"crycon-right-dir\"><\/i><\/a> <\/p>\n","protected":false},"author":4,"featured_media":0,"comment_status":"closed","ping_status":"open","sticky":false,"template":"","format":"standard","meta":[],"categories":[36,41],"tags":[],"yoast_head":"<!-- This site is optimized with the Yoast SEO plugin v19.2 - https:\/\/yoast.com\/wordpress\/plugins\/seo\/ -->\n<title>ValenciaPort utilizar\u00e1 energ\u00eda renovable para suministrar OPS en junio de 2023 - Power@berth<\/title>\n<meta name=\"robots\" content=\"index, follow, max-snippet:-1, max-image-preview:large, max-video-preview:-1\" \/>\n<link rel=\"canonical\" href=\"https:\/\/poweratberth.eu\/?p=2542&lang=es\" \/>\n<meta property=\"og:locale\" content=\"en_US\" \/>\n<meta property=\"og:type\" content=\"article\" \/>\n<meta property=\"og:title\" content=\"ValenciaPort utilizar\u00e1 energ\u00eda renovable para suministrar OPS en junio de 2023 - Power@berth\" \/>\n<meta property=\"og:description\" content=\"21\/04\/2020 La Autoridad Portuaria de Valencia prev\u00e9 tener adaptados en junio de 2023 sus muelles para que hasta 6 portacontenedores, 4 ferris y 2 cruceros puedan ser suministrados con energ\u00eda el\u00e9ctrica durante el tiempo en que permanecen en atraque. Con este objetivo, la Autoridad Portuaria de Valencia estudia con su\u2026 Continue reading\" \/>\n<meta property=\"og:url\" content=\"https:\/\/poweratberth.eu\/?p=2542&amp;lang=es\" \/>\n<meta property=\"og:site_name\" content=\"Power@berth\" \/>\n<meta property=\"article:published_time\" content=\"2020-04-21T11:46:00+00:00\" \/>\n<meta property=\"article:modified_time\" content=\"2020-07-06T12:15:02+00:00\" \/>\n<meta property=\"og:image\" content=\"https:\/\/energia.gob.es\/SiteCollectionImages\/energia-3.jpg\" \/>\n<meta name=\"author\" content=\"jcueva\" \/>\n<meta name=\"twitter:card\" content=\"summary_large_image\" \/>\n<meta name=\"twitter:label1\" content=\"Written by\" \/>\n\t<meta name=\"twitter:data1\" content=\"jcueva\" \/>\n\t<meta name=\"twitter:label2\" content=\"Est. reading time\" \/>\n\t<meta name=\"twitter:data2\" content=\"1 minute\" \/>\n<script type=\"application\/ld+json\" class=\"yoast-schema-graph\">{\"@context\":\"https:\/\/schema.org\",\"@graph\":[{\"@type\":\"Organization\",\"@id\":\"https:\/\/poweratberth.eu\/#organization\",\"name\":\"Ops Master Plan Spanish Ports\",\"url\":\"https:\/\/poweratberth.eu\/\",\"sameAs\":[],\"logo\":{\"@type\":\"ImageObject\",\"inLanguage\":\"en-US\",\"@id\":\"https:\/\/poweratberth.eu\/#\/schema\/logo\/image\/\",\"url\":\"http:\/\/poweratberth.eu\/wp-content\/uploads\/2017\/02\/logo2017-02-16.jpg\",\"contentUrl\":\"http:\/\/poweratberth.eu\/wp-content\/uploads\/2017\/02\/logo2017-02-16.jpg\",\"width\":512,\"height\":387,\"caption\":\"Ops Master Plan Spanish Ports\"},\"image\":{\"@id\":\"https:\/\/poweratberth.eu\/#\/schema\/logo\/image\/\"}},{\"@type\":\"WebSite\",\"@id\":\"https:\/\/poweratberth.eu\/#website\",\"url\":\"https:\/\/poweratberth.eu\/\",\"name\":\"Power@berth\",\"description\":\"Ops Spanish Ports\",\"publisher\":{\"@id\":\"https:\/\/poweratberth.eu\/#organization\"},\"potentialAction\":[{\"@type\":\"SearchAction\",\"target\":{\"@type\":\"EntryPoint\",\"urlTemplate\":\"https:\/\/poweratberth.eu\/?s={search_term_string}\"},\"query-input\":\"required name=search_term_string\"}],\"inLanguage\":\"en-US\"},{\"@type\":\"ImageObject\",\"inLanguage\":\"en-US\",\"@id\":\"https:\/\/poweratberth.eu\/?p=2542&lang=es#primaryimage\",\"url\":\"https:\/\/energia.gob.es\/SiteCollectionImages\/energia-3.jpg\",\"contentUrl\":\"https:\/\/energia.gob.es\/SiteCollectionImages\/energia-3.jpg\"},{\"@type\":\"WebPage\",\"@id\":\"https:\/\/poweratberth.eu\/?p=2542&lang=es#webpage\",\"url\":\"https:\/\/poweratberth.eu\/?p=2542&lang=es\",\"name\":\"ValenciaPort utilizar\u00e1 energ\u00eda renovable para suministrar OPS en junio de 2023 - Power@berth\",\"isPartOf\":{\"@id\":\"https:\/\/poweratberth.eu\/#website\"},\"primaryImageOfPage\":{\"@id\":\"https:\/\/poweratberth.eu\/?p=2542&lang=es#primaryimage\"},\"datePublished\":\"2020-04-21T11:46:00+00:00\",\"dateModified\":\"2020-07-06T12:15:02+00:00\",\"breadcrumb\":{\"@id\":\"https:\/\/poweratberth.eu\/?p=2542&lang=es#breadcrumb\"},\"inLanguage\":\"en-US\",\"potentialAction\":[{\"@type\":\"ReadAction\",\"target\":[\"https:\/\/poweratberth.eu\/?p=2542&lang=es\"]}]},{\"@type\":\"BreadcrumbList\",\"@id\":\"https:\/\/poweratberth.eu\/?p=2542&lang=es#breadcrumb\",\"itemListElement\":[{\"@type\":\"ListItem\",\"position\":1,\"name\":\"Home\",\"item\":\"http:\/\/poweratberth.eu\/?lang=en\"},{\"@type\":\"ListItem\",\"position\":2,\"name\":\"ValenciaPort utilizar\u00e1 energ\u00eda renovable para suministrar OPS en junio de 2023\"}]},{\"@type\":\"Article\",\"@id\":\"https:\/\/poweratberth.eu\/?p=2542&lang=es#article\",\"isPartOf\":{\"@id\":\"https:\/\/poweratberth.eu\/?p=2542&lang=es#webpage\"},\"author\":{\"name\":\"jcueva\",\"@id\":\"https:\/\/poweratberth.eu\/#\/schema\/person\/3310cad7e5a84cdb302039c96b1c9c56\"},\"headline\":\"ValenciaPort utilizar\u00e1 energ\u00eda renovable para suministrar OPS en junio de 2023\",\"datePublished\":\"2020-04-21T11:46:00+00:00\",\"dateModified\":\"2020-07-06T12:15:02+00:00\",\"mainEntityOfPage\":{\"@id\":\"https:\/\/poweratberth.eu\/?p=2542&lang=es#webpage\"},\"wordCount\":138,\"publisher\":{\"@id\":\"https:\/\/poweratberth.eu\/#organization\"},\"image\":{\"@id\":\"https:\/\/poweratberth.eu\/?p=2542&lang=es#primaryimage\"},\"thumbnailUrl\":\"https:\/\/energia.gob.es\/SiteCollectionImages\/energia-3.jpg\",\"articleSection\":[\"Muelles con suministro el\u00e9ctrico\",\"Noticias\"],\"inLanguage\":\"en-US\"},{\"@type\":\"Person\",\"@id\":\"https:\/\/poweratberth.eu\/#\/schema\/person\/3310cad7e5a84cdb302039c96b1c9c56\",\"name\":\"jcueva\",\"image\":{\"@type\":\"ImageObject\",\"inLanguage\":\"en-US\",\"@id\":\"https:\/\/poweratberth.eu\/#\/schema\/person\/image\/\",\"url\":\"https:\/\/secure.gravatar.com\/avatar\/729e1d7f71389c0d91b542802dc3cf02?s=96&d=mm&r=g\",\"contentUrl\":\"https:\/\/secure.gravatar.com\/avatar\/729e1d7f71389c0d91b542802dc3cf02?s=96&d=mm&r=g\",\"caption\":\"jcueva\"},\"url\":\"https:\/\/poweratberth.eu\/?author=4\"}]}<\/script>\n<!-- \/ Yoast SEO plugin. -->","yoast_head_json":{"title":"ValenciaPort utilizar\u00e1 energ\u00eda renovable para suministrar OPS en junio de 2023 - Power@berth","robots":{"index":"index","follow":"follow","max-snippet":"max-snippet:-1","max-image-preview":"max-image-preview:large","max-video-preview":"max-video-preview:-1"},"canonical":"https:\/\/poweratberth.eu\/?p=2542&lang=es","og_locale":"en_US","og_type":"article","og_title":"ValenciaPort utilizar\u00e1 energ\u00eda renovable para suministrar OPS en junio de 2023 - Power@berth","og_description":"21\/04\/2020 La Autoridad Portuaria de Valencia prev\u00e9 tener adaptados en junio de 2023 sus muelles para que hasta 6 portacontenedores, 4 ferris y 2 cruceros puedan ser suministrados con energ\u00eda el\u00e9ctrica durante el tiempo en que permanecen en atraque. Con este objetivo, la Autoridad Portuaria de Valencia estudia con su\u2026 Continue reading","og_url":"https:\/\/poweratberth.eu\/?p=2542&lang=es","og_site_name":"Power@berth","article_published_time":"2020-04-21T11:46:00+00:00","article_modified_time":"2020-07-06T12:15:02+00:00","og_image":[{"url":"https:\/\/energia.gob.es\/SiteCollectionImages\/energia-3.jpg"}],"author":"jcueva","twitter_card":"summary_large_image","twitter_misc":{"Written by":"jcueva","Est. reading time":"1 minute"},"schema":{"@context":"https:\/\/schema.org","@graph":[{"@type":"Organization","@id":"https:\/\/poweratberth.eu\/#organization","name":"Ops Master Plan Spanish Ports","url":"https:\/\/poweratberth.eu\/","sameAs":[],"logo":{"@type":"ImageObject","inLanguage":"en-US","@id":"https:\/\/poweratberth.eu\/#\/schema\/logo\/image\/","url":"http:\/\/poweratberth.eu\/wp-content\/uploads\/2017\/02\/logo2017-02-16.jpg","contentUrl":"http:\/\/poweratberth.eu\/wp-content\/uploads\/2017\/02\/logo2017-02-16.jpg","width":512,"height":387,"caption":"Ops Master Plan Spanish Ports"},"image":{"@id":"https:\/\/poweratberth.eu\/#\/schema\/logo\/image\/"}},{"@type":"WebSite","@id":"https:\/\/poweratberth.eu\/#website","url":"https:\/\/poweratberth.eu\/","name":"Power@berth","description":"Ops Spanish Ports","publisher":{"@id":"https:\/\/poweratberth.eu\/#organization"},"potentialAction":[{"@type":"SearchAction","target":{"@type":"EntryPoint","urlTemplate":"https:\/\/poweratberth.eu\/?s={search_term_string}"},"query-input":"required name=search_term_string"}],"inLanguage":"en-US"},{"@type":"ImageObject","inLanguage":"en-US","@id":"https:\/\/poweratberth.eu\/?p=2542&lang=es#primaryimage","url":"https:\/\/energia.gob.es\/SiteCollectionImages\/energia-3.jpg","contentUrl":"https:\/\/energia.gob.es\/SiteCollectionImages\/energia-3.jpg"},{"@type":"WebPage","@id":"https:\/\/poweratberth.eu\/?p=2542&lang=es#webpage","url":"https:\/\/poweratberth.eu\/?p=2542&lang=es","name":"ValenciaPort utilizar\u00e1 energ\u00eda renovable para suministrar OPS en junio de 2023 - Power@berth","isPartOf":{"@id":"https:\/\/poweratberth.eu\/#website"},"primaryImageOfPage":{"@id":"https:\/\/poweratberth.eu\/?p=2542&lang=es#primaryimage"},"datePublished":"2020-04-21T11:46:00+00:00","dateModified":"2020-07-06T12:15:02+00:00","breadcrumb":{"@id":"https:\/\/poweratberth.eu\/?p=2542&lang=es#breadcrumb"},"inLanguage":"en-US","potentialAction":[{"@type":"ReadAction","target":["https:\/\/poweratberth.eu\/?p=2542&lang=es"]}]},{"@type":"BreadcrumbList","@id":"https:\/\/poweratberth.eu\/?p=2542&lang=es#breadcrumb","itemListElement":[{"@type":"ListItem","position":1,"name":"Home","item":"http:\/\/poweratberth.eu\/?lang=en"},{"@type":"ListItem","position":2,"name":"ValenciaPort utilizar\u00e1 energ\u00eda renovable para suministrar OPS en junio de 2023"}]},{"@type":"Article","@id":"https:\/\/poweratberth.eu\/?p=2542&lang=es#article","isPartOf":{"@id":"https:\/\/poweratberth.eu\/?p=2542&lang=es#webpage"},"author":{"name":"jcueva","@id":"https:\/\/poweratberth.eu\/#\/schema\/person\/3310cad7e5a84cdb302039c96b1c9c56"},"headline":"ValenciaPort utilizar\u00e1 energ\u00eda renovable para suministrar OPS en junio de 2023","datePublished":"2020-04-21T11:46:00+00:00","dateModified":"2020-07-06T12:15:02+00:00","mainEntityOfPage":{"@id":"https:\/\/poweratberth.eu\/?p=2542&lang=es#webpage"},"wordCount":138,"publisher":{"@id":"https:\/\/poweratberth.eu\/#organization"},"image":{"@id":"https:\/\/poweratberth.eu\/?p=2542&lang=es#primaryimage"},"thumbnailUrl":"https:\/\/energia.gob.es\/SiteCollectionImages\/energia-3.jpg","articleSection":["Muelles con suministro el\u00e9ctrico","Noticias"],"inLanguage":"en-US"},{"@type":"Person","@id":"https:\/\/poweratberth.eu\/#\/schema\/person\/3310cad7e5a84cdb302039c96b1c9c56","name":"jcueva","image":{"@type":"ImageObject","inLanguage":"en-US","@id":"https:\/\/poweratberth.eu\/#\/schema\/person\/image\/","url":"https:\/\/secure.gravatar.com\/avatar\/729e1d7f71389c0d91b542802dc3cf02?s=96&d=mm&r=g","contentUrl":"https:\/\/secure.gravatar.com\/avatar\/729e1d7f71389c0d91b542802dc3cf02?s=96&d=mm&r=g","caption":"jcueva"},"url":"https:\/\/poweratberth.eu\/?author=4"}]}},"_links":{"self":[{"href":"https:\/\/poweratberth.eu\/index.php?rest_route=\/wp\/v2\/posts\/2542"}],"collection":[{"href":"https:\/\/poweratberth.eu\/index.php?rest_route=\/wp\/v2\/posts"}],"about":[{"href":"https:\/\/poweratberth.eu\/index.php?rest_route=\/wp\/v2\/types\/post"}],"author":[{"embeddable":true,"href":"https:\/\/poweratberth.eu\/index.php?rest_route=\/wp\/v2\/users\/4"}],"replies":[{"embeddable":true,"href":"https:\/\/poweratberth.eu\/index.php?rest_route=%2Fwp%2Fv2%2Fcomments&post=2542"}],"version-history":[{"count":3,"href":"https:\/\/poweratberth.eu\/index.php?rest_route=\/wp\/v2\/posts\/2542\/revisions"}],"predecessor-version":[{"id":2545,"href":"https:\/\/poweratberth.eu\/index.php?rest_route=\/wp\/v2\/posts\/2542\/revisions\/2545"}],"wp:attachment":[{"href":"https:\/\/poweratberth.eu\/index.php?rest_route=%2Fwp%2Fv2%2Fmedia&parent=2542"}],"wp:term":[{"taxonomy":"category","embeddable":true,"href":"https:\/\/poweratberth.eu\/index.php?rest_route=%2Fwp%2Fv2%2Fcategories&post=2542"},{"taxonomy":"post_tag","embeddable":true,"href":"https:\/\/poweratberth.eu\/index.php?rest_route=%2Fwp%2Fv2%2Ftags&post=2542"}],"curies":[{"name":"wp","href":"https:\/\/api.w.org\/{rel}","templated":true}]}}